{"id":1337,"date":"2019-07-25T22:48:05","date_gmt":"2019-07-25T22:48:05","guid":{"rendered":"https:\/\/bio.ufpr.br\/cbio\/?post_type=post&#038;p=1337"},"modified":"2019-08-06T19:54:43","modified_gmt":"2019-08-06T19:54:43","slug":"matriculas-2-semestre-de-2019","status":"publish","type":"post","link":"https:\/\/bio.ufpr.br\/cbio\/sem-categoria\/matriculas-2-semestre-de-2019\/","title":{"rendered":"Matr\u00edculas 2\u00ba semestre de 2019"},"content":{"rendered":"<p>Os hor\u00e1rios das disciplinas do segundo semestre de 2019 encontram-se na p\u00e1gina da coordena\u00e7\u00e3o.<\/p>\n<p>Verifiquem os hor\u00e1rios e fa\u00e7am a solicita\u00e7\u00e3o online. Pedimos que leiam as instru\u00e7\u00f5es abaixo.<\/p>\n<p>Solicita\u00e7\u00f5es que n\u00e3o as cumpram ser\u00e3o desconsideradas.<\/p>\n<p>&nbsp;<\/p>\n<p>1 &#8211; S\u00f3 ser\u00e3o aceitas solicita\u00e7\u00f5es vinculadas ao e-mail da UFPR (******@ufpr.br). Caso n\u00e3o tenha acesso, solicite a nova senha junto ao CCE tel: 3361-3333<\/p>\n<p>2 &#8211; Cada disciplina deve ser solicitada em um formul\u00e1rio separado.<\/p>\n<p>3 &#8211; Caso haja duplicidade na solicita\u00e7\u00e3o de uma disciplina, ser\u00e1 considerada a \u00faltima solicita\u00e7\u00e3o.<\/p>\n<p>&nbsp;<\/p>\n<p>Ao t\u00e9rmino do per\u00edodo de solicita\u00e7\u00f5es, o ajuste ser\u00e1 realizado pela coordena\u00e7\u00e3o, respeitando os pr\u00e9-requisitos estabelecidos para cada disciplina.<\/p>\n<p>&nbsp;<\/p>\n<p>Para esclarecer quaisquer d\u00favidas, entre em contato com a Coordena\u00e7\u00e3o.<\/p>\n<p><a href=\"https:\/\/bio.ufpr.br\/cbio\/wp-content\/uploads\/sites\/3\/2019\/07\/BOLETIM-DE-VAGAS-REMANESCENTES_06.08.pdf\" target=\"_blank\">Boletim de Vagas Remanescentes<\/a>\u00a0(Atualizado 06\/08)<\/p>\n<p><a href=\"https:\/\/bio.ufpr.br\/cbio\/wp-content\/uploads\/sites\/3\/2019\/07\/Oferta-de-Disciplinas-Diurno.pdf\" target=\"_blank\">Hor\u00e1rio das disciplinas &#8211; Diurno<\/a><\/p>\n<p><a href=\"https:\/\/bio.ufpr.br\/cbio\/wp-content\/uploads\/sites\/3\/2019\/07\/Oferta-de-Disciplinas-Noturno.pdf\" target=\"_blank\">Hor\u00e1rio das disciplinas &#8211; Noturno<\/a><\/p>\n<p>Quebra de pr\u00e9-requisito \u2013 <a href=\"https:\/\/forms.gle\/TmqpBfPwy63m6VNa8\" target=\"_blank\">Clique aqui<\/a><\/p>\n<p>Solicita\u00e7\u00e3o de matr\u00edcula Diurno \u2013 <a href=\"https:\/\/forms.gle\/jXjqs5Kd7pa1CNN99\" target=\"_blank\">Clique aqui<\/a><\/p>\n<p>Cancelamento de matr\u00edcula Diurno \u2013 <a href=\"https:\/\/forms.gle\/d4zMqgLek3qZheip7\" target=\"_blank\">Clique aqui<\/a><\/p>\n<p>Solicita\u00e7\u00e3o de matr\u00edcula Noturno \u2013 <a href=\"https:\/\/forms.gle\/CFSKkiRNkRzzhxVw8\" target=\"_blank\">Clique aqui<\/a><\/p>\n<p>Cancelamento de matr\u00edcula Noturno \u2013 <a href=\"https:\/\/forms.gle\/1KBDrFPBhkmEijQq6\" target=\"_blank\">Clique aqui<\/a><\/p>\n<p>Contra turno &#8211;\u00a0<a href=\"https:\/\/forms.gle\/2fAWnDsExe84dgQb6\" target=\"_blank\">Clique aqui<\/a><\/p>\n<p>&nbsp;<\/p>\n","protected":false},"excerpt":{"rendered":"<p>Os hor\u00e1rios das disciplinas do segundo semestre de 2019 encontram-se na p\u00e1gina da coordena\u00e7\u00e3o. Verifiquem os hor\u00e1rios e fa\u00e7am a solicita\u00e7\u00e3o online. Pedimos que leiam as instru\u00e7\u00f5es abaixo. Solicita\u00e7\u00f5es que n\u00e3o as cumpram ser\u00e3o desconsideradas. &nbsp; 1 &#8211; S\u00f3 ser\u00e3o aceitas solicita\u00e7\u00f5es vinculadas ao e-mail da UFPR (******@ufpr.br). Caso n\u00e3o tenha acesso, solicite a nova [&hellip;]<\/p>\n","protected":false},"author":7,"featured_media":0,"comment_status":"closed","ping_status":"closed","sticky":false,"template":"","format":"standard","meta":{"_acf_changed":false,"_monsterinsights_skip_tracking":false,"footnotes":""},"categories":[],"tags":[],"class_list":["post-1337","post","type-post","status-publish","format-standard","hentry"],"acf":[],"_links":{"self":[{"href":"https:\/\/bio.ufpr.br\/cbio\/wp-json\/wp\/v2\/posts\/1337","targetHints":{"allow":["GET"]}}],"collection":[{"href":"https:\/\/bio.ufpr.br\/cbio\/wp-json\/wp\/v2\/posts"}],"about":[{"href":"https:\/\/bio.ufpr.br\/cbio\/wp-json\/wp\/v2\/types\/post"}],"author":[{"embeddable":true,"href":"https:\/\/bio.ufpr.br\/cbio\/wp-json\/wp\/v2\/users\/7"}],"replies":[{"embeddable":true,"href":"https:\/\/bio.ufpr.br\/cbio\/wp-json\/wp\/v2\/comments?post=1337"}],"version-history":[{"count":1,"href":"https:\/\/bio.ufpr.br\/cbio\/wp-json\/wp\/v2\/posts\/1337\/revisions"}],"predecessor-version":[{"id":1340,"href":"https:\/\/bio.ufpr.br\/cbio\/wp-json\/wp\/v2\/posts\/1337\/revisions\/1340"}],"wp:attachment":[{"href":"https:\/\/bio.ufpr.br\/cbio\/wp-json\/wp\/v2\/media?parent=1337"}],"wp:term":[{"taxonomy":"category","embeddable":true,"href":"https:\/\/bio.ufpr.br\/cbio\/wp-json\/wp\/v2\/categories?post=1337"},{"taxonomy":"post_tag","embeddable":true,"href":"https:\/\/bio.ufpr.br\/cbio\/wp-json\/wp\/v2\/tags?post=1337"}],"curies":[{"name":"wp","href":"https:\/\/api.w.org\/{rel}","templated":true}]}}