{"id":3835,"date":"2022-03-29T11:57:46","date_gmt":"2022-03-29T11:57:46","guid":{"rendered":"https:\/\/bio.ufpr.br\/cbio\/?post_type=post&#038;p=3835"},"modified":"2022-03-30T14:35:34","modified_gmt":"2022-03-30T14:35:34","slug":"datas-do-ano-letivo-de-2022","status":"publish","type":"post","link":"https:\/\/bio.ufpr.br\/cbio\/sem-categoria\/datas-do-ano-letivo-de-2022\/","title":{"rendered":"Datas do Ano letivo de 2022"},"content":{"rendered":"<p>Ontem, dia 28\/03\/2022, o\u00a0Conselho de Ensino,\u00a0Pesquisa e Extens\u00e3o\u00a0(CEPE) aprovou as datas de in\u00edcio e fim dos per\u00edodos letivos de 2022.<\/p>\n<p><a href=\"https:\/\/bio.ufpr.br\/cbio\/wp-content\/uploads\/sites\/3\/2022\/03\/RESOLU\u00c7\u00c3O-N\u00ba-04-22-CEPE.pdf\">RESOLU\u00c7\u00c3O-N\u00ba-04-22-CEPE<\/a><\/p>\n<p>&nbsp;<\/p>\n<p><a href=\"https:\/\/bio.ufpr.br\/cbio\/wp-content\/uploads\/sites\/3\/2022\/03\/Datas-do-ano-letivo-de-2022.jpeg\"><img loading=\"lazy\" decoding=\"async\" class=\"alignnone wp-image-3838\" src=\"https:\/\/bio.ufpr.br\/cbio\/wp-content\/uploads\/sites\/3\/2022\/03\/Datas-do-ano-letivo-de-2022-300x98.jpeg\" alt=\"Datas do ano letivo de 2022\" width=\"729\" height=\"238\" srcset=\"https:\/\/bio.ufpr.br\/cbio\/wp-content\/uploads\/sites\/3\/2022\/03\/Datas-do-ano-letivo-de-2022-300x98.jpeg 300w, https:\/\/bio.ufpr.br\/cbio\/wp-content\/uploads\/sites\/3\/2022\/03\/Datas-do-ano-letivo-de-2022-768x250.jpeg 768w, https:\/\/bio.ufpr.br\/cbio\/wp-content\/uploads\/sites\/3\/2022\/03\/Datas-do-ano-letivo-de-2022-1024x334.jpeg 1024w, https:\/\/bio.ufpr.br\/cbio\/wp-content\/uploads\/sites\/3\/2022\/03\/Datas-do-ano-letivo-de-2022.jpeg 1280w\" sizes=\"auto, (max-width: 729px) 100vw, 729px\" \/><\/a><\/p>\n","protected":false},"excerpt":{"rendered":"<p>Ontem, dia 28\/03\/2022, o\u00a0Conselho de Ensino,\u00a0Pesquisa e Extens\u00e3o\u00a0(CEPE) aprovou as datas de in\u00edcio e fim dos per\u00edodos letivos de 2022. RESOLU\u00c7\u00c3O-N\u00ba-04-22-CEPE &nbsp;<\/p>\n","protected":false},"author":7,"featured_media":0,"comment_status":"closed","ping_status":"closed","sticky":false,"template":"","format":"standard","meta":{"_acf_changed":false,"_monsterinsights_skip_tracking":false,"footnotes":""},"categories":[],"tags":[],"class_list":["post-3835","post","type-post","status-publish","format-standard","hentry"],"acf":[],"_links":{"self":[{"href":"https:\/\/bio.ufpr.br\/cbio\/wp-json\/wp\/v2\/posts\/3835","targetHints":{"allow":["GET"]}}],"collection":[{"href":"https:\/\/bio.ufpr.br\/cbio\/wp-json\/wp\/v2\/posts"}],"about":[{"href":"https:\/\/bio.ufpr.br\/cbio\/wp-json\/wp\/v2\/types\/post"}],"author":[{"embeddable":true,"href":"https:\/\/bio.ufpr.br\/cbio\/wp-json\/wp\/v2\/users\/7"}],"replies":[{"embeddable":true,"href":"https:\/\/bio.ufpr.br\/cbio\/wp-json\/wp\/v2\/comments?post=3835"}],"version-history":[{"count":0,"href":"https:\/\/bio.ufpr.br\/cbio\/wp-json\/wp\/v2\/posts\/3835\/revisions"}],"wp:attachment":[{"href":"https:\/\/bio.ufpr.br\/cbio\/wp-json\/wp\/v2\/media?parent=3835"}],"wp:term":[{"taxonomy":"category","embeddable":true,"href":"https:\/\/bio.ufpr.br\/cbio\/wp-json\/wp\/v2\/categories?post=3835"},{"taxonomy":"post_tag","embeddable":true,"href":"https:\/\/bio.ufpr.br\/cbio\/wp-json\/wp\/v2\/tags?post=3835"}],"curies":[{"name":"wp","href":"https:\/\/api.w.org\/{rel}","templated":true}]}}