{"id":5891,"date":"2026-07-08T18:30:47","date_gmt":"2026-07-08T18:30:47","guid":{"rendered":"https:\/\/bio.ufpr.br\/cbio\/?post_type=post&#038;p=5891"},"modified":"2026-07-28T13:27:20","modified_gmt":"2026-07-28T13:27:20","slug":"orientacoes-para-matriculas-2026-2","status":"publish","type":"post","link":"https:\/\/bio.ufpr.br\/cbio\/sem-categoria\/orientacoes-para-matriculas-2026-2\/","title":{"rendered":"Orienta\u00e7\u00f5es para Matr\u00edculas 2026\/2 &#8211; atualizadas"},"content":{"rendered":"<p>As solicita\u00e7\u00f5es de matr\u00edculas em disciplinas para o Segundo Semestre de 2026, dever\u00e3o ser realizadas no per\u00edodo de: <strong>13 a 15\/07\/2026 atrav\u00e9s do Sistema SIGA. <\/strong>Elaboramos algumas <strong>Orienta\u00e7\u00f5es para a matr\u00edcula<\/strong> nesse semestre<strong>, consulte-as <a href=\"https:\/\/bio.ufpr.br\/cbio\/wp-content\/uploads\/sites\/3\/2026\/07\/Orientacoes-de-matricula-2026-2.pdf\">Aqui<\/a>.<\/strong><\/p>\n<p>A lista com as disciplinas a serem ofertadas esse semestre podem ser acessadas no menu <strong>Calend\u00e1rio &gt; Disciplinas ofertadas <\/strong>ou <a href=\"https:\/\/bio.ufpr.br\/cbio\/disciplinas-ofertadas\/\">clicando aqui<\/a><strong>.<\/strong><\/p>\n<p>Processamento de matr\u00edculas: 16 e 17 \/07\/2026 realizado pela AGTIC.\u00a0 \u00c9 necess\u00e1rio aguardar o fim desse per\u00edodo, ent\u00e3o consulte o seu comprovante de matr\u00edculas no SIGA. <a href=\"https:\/\/ufpraberta.ufpr.br\/course\/view.php?id=9\">Tutorial Conhecendo o SIGA.<\/a><\/p>\n<p>&nbsp;<\/p>\n<table>\n<tbody>\n<tr>\n<td style=\"border-color: #000000;background-color: #f0c0c0\">\n<h4 style=\"text-align: center\">Sempre confiram o comprovante de matr\u00edculas at\u00e9 o \u00faltimo dia de processamento de matr\u00edculas (12\/08\/2026)<\/h4>\n<p style=\"text-align: center\">Quanto mais cedo forem identificadas discrep\u00e2ncias na matr\u00edcula, mais f\u00e1cil ser\u00e1 resolver o problema. Pense bem antes de se matricular e evite transtornos. Sempre que tiver d\u00favidas, consulte a coordena\u00e7\u00e3o do curso (<a href=\"mailto:cbio@ufpr.br\">cbio@ufpr.br<\/a>\/<a href=\"mailto:cafreire@ufpr.br\">cafreire@ufpr.br<\/a>).<\/p>\n<p style=\"text-align: center\">N\u00e3o conseguiu vaga em uma disciplina importante para sua integraliza\u00e7\u00e3o? Voc\u00ea ainda poder\u00e1 solicit\u00e1-la no ajuste de matr\u00edculas.<\/p>\n<\/td>\n<\/tr>\n<\/tbody>\n<\/table>\n<p>&nbsp;<\/p>\n<p><b>Ajuste on-line<\/b> \u2013 Os estudantes poder\u00e3o realizar diretamente no Sistema SIGA de\u00a0<strong>20\/07\/2026 e 21\/07\/2026<\/strong>.<\/p>\n<p>Processamento de ajuste on-line das matr\u00edculas: 22\/07\/2026 realizado pela AGTIC.<\/p>\n<p>&nbsp;<\/p>\n<p><strong>Ajuste pela coordena\u00e7\u00e3o<\/strong> \u2013 N\u00e3o conseguiu vaga em uma disciplina importante para sua integraliza\u00e7\u00e3o? Voc\u00ea ainda poder\u00e1 solicit\u00e1-la no ajuste de matr\u00edculas. O ajuste pela coordena\u00e7\u00e3o acontecer\u00e1 de 23\/07\/2026 a 12\/08\/2026 e contar\u00e1 com apenas um formul\u00e1rio nesse semestre. O formul\u00e1rio de solicita\u00e7\u00e3o estar\u00e1 dispon\u00edvel em uma \u00fanica etapa e somente das <span style=\"color: #999999\"><del><strong>6h do dia 23\/07\/2026 at\u00e9 \u00e0s 23h59min do dia 05\/08\/2026.\u00a0<\/strong>Aguarde a coordena\u00e7\u00e3o analisar os pedidos e lan\u00e7ar no SIGA.<\/del> <\/span><strong>11 h do dia 23\/07\/2026 at\u00e9 as 23h59 min do dia 29\/07\/2026<\/strong>. <span data-teams=\"true\">Utilizaremos os dia 30 e 31 de julho para o processamento das solicita\u00e7\u00f5es. \u00c9 necess\u00e1rio aguardar o fim desse per\u00edodo, ent\u00e3o consulte o seu comprovante de matr\u00edculas no SIGA, no dia 02 de agosto de 2026, v\u00e9spera do in\u00edcio das aulas. <a id=\"menur7nq\" class=\"fui-Link ___1q1shib f2hkw1w f3rmtva f1ewtqcl fyind8e f1k6fduh f1w7gpdv fk6fouc fjoy568 figsok6 f1s184ao f1mk8lai fnbmjn9 f1o700av f13mvf36 f1cmlufx f9n3di6 f1ids18y f1tx3yz7 f1deo86v f1eh06m1 f1iescvh fhgqx19 f1olyrje f1p93eir f1nev41a f1h8hb77 f1lqvz6u f10aw75t fsle3fq f17ae5zn\" title=\"https:\/\/ufpraberta.ufpr.br\/course\/view.php?id=9\" href=\"https:\/\/ufpraberta.ufpr.br\/course\/view.php?id=9\" target=\"_blank\" rel=\"noreferrer noopener\" aria-label=\"Link Tutorial Conhecendo o SIGA.\">Tutorial Conhecendo o SIGA.<\/a> <\/span>Se a disciplina solicitada n\u00e3o estiver no SIGA, envie e-mail para <a href=\"mailto:cbio@ufpr.br\">cbio@ufpr.br<\/a> ou dirija-se a coordena\u00e7\u00e3o at\u00e9 12\/08\/2026 \u00e0s 18:00.<\/p>\n<p>&nbsp;<\/p>\n<p><strong>Matr\u00edculas em Est\u00e1gio Supervisionado (BIO026, BIO027 e BIO028) e Trabalho de Conclus\u00e3o de Curso (TCC I e TCC II): 6h do dia 23\/07\/2026 at\u00e9 \u00e0s 23h59min do dia 05\/08\/2026.<\/strong> <span data-teams=\"true\">\u00a0\u00c9 necess\u00e1rio aguardar o fim desse per\u00edodo, ent\u00e3o consulte o seu comprovante de matr\u00edculas no SIGA, no dia 10 de agosto de 2026. <a id=\"menur7nq\" class=\"fui-Link ___1q1shib f2hkw1w f3rmtva f1ewtqcl fyind8e f1k6fduh f1w7gpdv fk6fouc fjoy568 figsok6 f1s184ao f1mk8lai fnbmjn9 f1o700av f13mvf36 f1cmlufx f9n3di6 f1ids18y f1tx3yz7 f1deo86v f1eh06m1 f1iescvh fhgqx19 f1olyrje f1p93eir f1nev41a f1h8hb77 f1lqvz6u f10aw75t fsle3fq f17ae5zn\" title=\"https:\/\/ufpraberta.ufpr.br\/course\/view.php?id=9\" href=\"https:\/\/ufpraberta.ufpr.br\/course\/view.php?id=9\" target=\"_blank\" rel=\"noreferrer noopener\" aria-label=\"Link Tutorial Conhecendo o SIGA.\">Tutorial Conhecendo o SIGA.<\/a> <\/span>Se a disciplina solicitada n\u00e3o estiver no SIGA, envie e-mail para <a href=\"mailto:cbio@ufpr.br\">cbio@ufpr.br<\/a> ou dirija-se a coordena\u00e7\u00e3o at\u00e9 12\/08\/2026 \u00e0s 18:00.<\/p>\n<p>&nbsp;<\/p>\n<p>&nbsp;<\/p>\n<h5>Instru\u00e7\u00f5es de preenchimento dos formul\u00e1rios \u2013 2026\/2<\/h5>\n<p>&nbsp;<\/p>\n<p>Para acessar os formul\u00e1rios, clique no Menu <strong>Calend\u00e1rio &gt; Calend\u00e1rio Acad\u00eamico<\/strong>. Ao lado da data e da descri\u00e7\u00e3o do evento, voc\u00ea poder\u00e1 clicar nos links de acesso aos formul\u00e1rios, conforme o print abaixo:<\/p>\n<p><img loading=\"lazy\" decoding=\"async\" class=\"aligncenter size-full wp-image-5927\" src=\"https:\/\/bio.ufpr.br\/cbio\/wp-content\/uploads\/sites\/3\/2026\/07\/imgCalendario-1.png\" alt=\"\" width=\"1016\" height=\"733\" srcset=\"https:\/\/bio.ufpr.br\/cbio\/wp-content\/uploads\/sites\/3\/2026\/07\/imgCalendario-1.png 1016w, https:\/\/bio.ufpr.br\/cbio\/wp-content\/uploads\/sites\/3\/2026\/07\/imgCalendario-1-300x216.png 300w, https:\/\/bio.ufpr.br\/cbio\/wp-content\/uploads\/sites\/3\/2026\/07\/imgCalendario-1-768x554.png 768w\" sizes=\"auto, (max-width: 1016px) 100vw, 1016px\" \/><\/p>\n<h4><\/h4>\n<h4><\/h4>\n<p>&nbsp;<\/p>\n<table>\n<tbody>\n<tr>\n<td style=\"border-color: #000000;background-color: #f0c0c0\">\n<h4 style=\"text-align: center\"><strong>Fiquem atentos aos prazos de envio e preenchimento dos formul\u00e1rios.<\/strong><\/h4>\n<h4 style=\"text-align: center\">Sempre confiram o comprovante de matr\u00edculas at\u00e9 o \u00faltimo dia de processamento de matr\u00edculas (12\/08\/2026)<\/h4>\n<p style=\"text-align: center\">Quanto mais cedo forem identificadas discrep\u00e2ncias na matr\u00edcula, mais f\u00e1cil ser\u00e1 resolver o problema. Pense bem antes de se matricular e evite transtornos. Sempre que tiver d\u00favidas, consulte a coordena\u00e7\u00e3o do curso (<a href=\"mailto:cbio@ufpr.br\">cbio@ufpr.br<\/a>\/<a href=\"mailto:cafreire@ufpr.br\">cafreire@ufpr.br<\/a>).<\/p>\n<\/td>\n<\/tr>\n<\/tbody>\n<\/table>\n<p>&nbsp;<\/p>\n<h3>Ajuste de matr\u00edculas pela coordena\u00e7\u00e3o.<\/h3>\n<p>&nbsp;<\/p>\n<p><strong>Procedimento:<\/strong><\/p>\n<ul>\n<li>H\u00e1 um <strong>formul\u00e1rio para matr\u00edcula em vagas remanescentes<\/strong>. Preencha um formul\u00e1rio por disciplina. Matr\u00edculas acima da CH m\u00e1xima por semestre do curso ser\u00e3o aceitas apenas sob autoriza\u00e7\u00e3o da coordena\u00e7\u00e3o. Adicione a justificativa ao preencher o formul\u00e1rio.\u00a0 O formul\u00e1rio est\u00e1 dispon\u00edvel em <strong>Calend\u00e1rio &gt; Calend\u00e1rio acad\u00eamico <\/strong>ou\u00a0\u00a0<a href=\"https:\/\/bio.ufpr.br\/cbio\/calendario-academico-2\/\">clicando aqui<\/a>. Ou acesse diretamente em:\n<ul>\n<li>Vagas remanescentes &#8211; <a href=\"https:\/\/forms.cloud.microsoft\/r\/e7RJCmF88k\">Clicando aqui<\/a><\/li>\n<\/ul>\n<\/li>\n<\/ul>\n<p>&nbsp;<\/p>\n<ul>\n<li>H\u00e1 um <strong>formul\u00e1rio para remo\u00e7\u00e3o de disciplinas.<\/strong> Preencha um formul\u00e1rio por disciplina. Matr\u00edculas abaixo da CH m\u00ednima por semestre do curso ser\u00e3o aceitas apenas sob autoriza\u00e7\u00e3o da coordena\u00e7\u00e3o. Adicione a justificativa ao preencher o formul\u00e1rio.\u00a0O formul\u00e1rio est\u00e1 dispon\u00edvel em <strong>Calend\u00e1rio &gt; Calend\u00e1rio acad\u00eamico <\/strong>ou\u00a0\u00a0<a href=\"https:\/\/bio.ufpr.br\/cbio\/calendario-academico-2\/\">clicando aqui<\/a>. Ou acesse diretamente em:\n<ul>\n<li>Remo\u00e7\u00e3o de disciplinas &#8211; <a href=\"https:\/\/forms.cloud.microsoft\/r\/ss2jVUbWRa\">Clicando aqui<\/a><\/li>\n<\/ul>\n<\/li>\n<\/ul>\n<p>&nbsp;<\/p>\n<p>Ambos estar\u00e3o dispon\u00edveis em uma \u00fanica etapa e somente das <span style=\"color: #999999\"><del><strong>6h do dia 23\/07\/2026 at\u00e9 \u00e0s 23h59min do dia 05\/08\/2026.\u00a0<\/strong>Aguarde a coordena\u00e7\u00e3o analisar os pedidos e lan\u00e7ar no SIGA. Se a disciplina solicitada n\u00e3o estiver no SIGA at\u00e9 dia 10\/08\/2026, envie e-mail para <a style=\"color: #999999\" href=\"mailto:cbio@ufpr.br\">cbio@ufpr.br<\/a> ou dirija-se a coordena\u00e7\u00e3o at\u00e9 12\/08\/2026 \u00e0s 18:00.\u00a0<\/del><\/span> <strong>11 h do dia 23\/07\/2026 at\u00e9 as 23h59 min do dia 29\/07\/2026<\/strong>. <span data-teams=\"true\">Utilizaremos os dia 30 e 31 de julho para o processamento das solicita\u00e7\u00f5es. \u00c9 necess\u00e1rio aguardar o fim desse per\u00edodo, ent\u00e3o consulte o seu comprovante de matr\u00edculas no SIGA, no dia 02 de agosto de 2026, v\u00e9spera do in\u00edcio das aulas. <a id=\"menur7nq\" class=\"fui-Link ___1q1shib f2hkw1w f3rmtva f1ewtqcl fyind8e f1k6fduh f1w7gpdv fk6fouc fjoy568 figsok6 f1s184ao f1mk8lai fnbmjn9 f1o700av f13mvf36 f1cmlufx f9n3di6 f1ids18y f1tx3yz7 f1deo86v f1eh06m1 f1iescvh fhgqx19 f1olyrje f1p93eir f1nev41a f1h8hb77 f1lqvz6u f10aw75t fsle3fq f17ae5zn\" title=\"https:\/\/ufpraberta.ufpr.br\/course\/view.php?id=9\" href=\"https:\/\/ufpraberta.ufpr.br\/course\/view.php?id=9\" target=\"_blank\" rel=\"noreferrer noopener\" aria-label=\"Link Tutorial Conhecendo o SIGA.\">Tutorial Conhecendo o SIGA.<\/a> <\/span>Se a disciplina solicitada n\u00e3o estiver no SIGA, envie e-mail para <a href=\"mailto:cbio@ufpr.br\">cbio@ufpr.br<\/a> ou dirija-se a coordena\u00e7\u00e3o at\u00e9 12\/08\/2026 \u00e0s 18:00.<\/p>\n<p>&nbsp;<\/p>\n<p><strong>Consulte os hor\u00e1rios das disciplinas com vagas remanescentes de 2026\/2<\/strong>, clicando aqui: <a href=\"https:\/\/bio.ufpr.br\/cbio\/horarios-de-disciplinas-com-vagas-remanescentes\/\"><img loading=\"lazy\" decoding=\"async\" class=\"size-full wp-image-5939 alignnone\" src=\"https:\/\/bio.ufpr.br\/cbio\/wp-content\/uploads\/sites\/3\/2026\/07\/copy21.png\" alt=\"\" width=\"75\" height=\"75\" \/><\/a><\/p>\n<p>&nbsp;<\/p>\n<p>&nbsp;<\/p>\n<h3>Matr\u00edcula em est\u00e1gio supervisionado (BIO026, BIO027 e BIO028) e Trabalho de Conclus\u00e3o de Curso (TCC I e TCC II).<\/h3>\n<p>&nbsp;<\/p>\n<p>Estudantes que tenham cumprido as disciplinas do <strong>Ciclo B\u00e1sico<\/strong> (compreende do primeiro at\u00e9 o sexto per\u00edodo), poder\u00e3o solicitar matr\u00edcula em Est\u00e1gio supervisionado ou TCC a depender da habilita\u00e7\u00e3o escolhida.<\/p>\n<ul>\n<li>Est\u00e1gio supervisionado (BIO026, BIO027 e BIO028) \u2013 Bacharelado.<\/li>\n<li>Trabalho de Conclus\u00e3o de Curso (TCC I e TCC II) \u2013 Licenciatura<\/li>\n<\/ul>\n<p>O preechimento do formul\u00e1rio do Calend\u00e1rio exige etapas adicionais, como o UPLOAD de documentos PDF. Os documentos est\u00e3o dispon\u00edveis para o preenchimento no menu <strong>Procedimentos &gt; Formul\u00e1rios\u00a0 <\/strong>ou\u00a0\u00a0<a href=\"https:\/\/bio.ufpr.br\/cbio\/formularios\/\">clicando aqui<\/a>.<\/p>\n<p>Quais s\u00e3o os documentos que preciso preencher?<\/p>\n<ul>\n<li>Est\u00e1gio supervisionado (BIO026, BIO027 e BIO028): <a href=\"https:\/\/bio.ufpr.br\/cbio\/monografia-bacharelado\/\">clique aqui<\/a>.<\/li>\n<li>Trabalho de Conclus\u00e3o de Curso (TCC I e TCC II): <a href=\"https:\/\/bio.ufpr.br\/cbio\/tcc-licenciatura\/\">clique aqui<\/a>.<\/li>\n<\/ul>\n<p>&nbsp;<\/p>\n<p><strong>Procedimentos:<\/strong><\/p>\n<ol>\n<li>Ap\u00f3s preencher, assinar e recolher as assinaturas necess\u00e1rias na ficha de matr\u00edcula (dispon\u00edvel em <strong>Procedimentos &gt; Formul\u00e1rios\u00a0 <\/strong>ou\u00a0\u00a0<a href=\"https:\/\/bio.ufpr.br\/cbio\/formularios\/\">clicando aqui<\/a>. )<\/li>\n<li>Preencha o formul\u00e1rio de envio, dispon\u00edvel em <strong>Calend\u00e1rio &gt; Calend\u00e1rio acad\u00eamico <\/strong>ou\u00a0\u00a0<a href=\"https:\/\/bio.ufpr.br\/cbio\/calendario-academico-2\/\">clicando aqui<\/a>. Ou acesse diretamente em:<\/li>\n<\/ol>\n<ul>\n<li style=\"list-style-type: none\">\n<ul>\n<li>Matr\u00edcula em TCC I &#8211; <a href=\"https:\/\/forms.cloud.microsoft\/r\/TKqwZ3D76j\">Clicando aqui<\/a><\/li>\n<li>Matr\u00edculas em BIO026, BIO027, BIO028 e TCC II &#8211; <a href=\"https:\/\/forms.cloud.microsoft\/r\/V4MxWE83H4\">Clicando aqui<\/a><\/li>\n<\/ul>\n<\/li>\n<\/ul>\n<p>Ambos estar\u00e3o dispon\u00edveis em uma \u00fanica etapa e somente das <strong>6h do dia 23\/07\/2026 at\u00e9 \u00e0s 23h59min do dia 05\/08\/2026.<\/strong> <span data-teams=\"true\">\u00c9 necess\u00e1rio aguardar o fim desse per\u00edodo, ent\u00e3o consulte o seu comprovante de matr\u00edculas no SIGA, no dia 10 de agosto de 2026. <a id=\"menur7nq\" class=\"fui-Link ___1q1shib f2hkw1w f3rmtva f1ewtqcl fyind8e f1k6fduh f1w7gpdv fk6fouc fjoy568 figsok6 f1s184ao f1mk8lai fnbmjn9 f1o700av f13mvf36 f1cmlufx f9n3di6 f1ids18y f1tx3yz7 f1deo86v f1eh06m1 f1iescvh fhgqx19 f1olyrje f1p93eir f1nev41a f1h8hb77 f1lqvz6u f10aw75t fsle3fq f17ae5zn\" title=\"https:\/\/ufpraberta.ufpr.br\/course\/view.php?id=9\" href=\"https:\/\/ufpraberta.ufpr.br\/course\/view.php?id=9\" target=\"_blank\" rel=\"noreferrer noopener\" aria-label=\"Link Tutorial Conhecendo o SIGA.\">Tutorial Conhecendo o SIGA.<\/a> <\/span>Se a disciplina solicitada n\u00e3o estiver no SIGA, envie e-mail para <a href=\"mailto:cbio@ufpr.br\">cbio@ufpr.br<\/a> ou dirija-se a coordena\u00e7\u00e3o at\u00e9 12\/08\/2026 \u00e0s 18:00.<\/p>\n<p>&nbsp;<\/p>\n<table>\n<tbody>\n<tr>\n<td style=\"border-color: #000000;background-color: #f0c0c0\">\n<h4 style=\"text-align: center\"><strong>Fiquem atentos aos prazos de envio e preenchimento dos formul\u00e1rios.<\/strong><\/h4>\n<h4 style=\"text-align: center\">Sempre confiram o comprovante de matr\u00edculas at\u00e9 o \u00faltimo dia de processamento de matr\u00edculas (12\/08\/2026)<\/h4>\n<p style=\"text-align: center\">Quanto mais cedo forem identificadas discrep\u00e2ncias na matr\u00edcula, mais f\u00e1cil ser\u00e1 resolver o problema. Pense bem antes de se matricular e evite transtornos. Sempre que tiver d\u00favidas, consulte a coordena\u00e7\u00e3o do curso (<a href=\"mailto:cbio@ufpr.br\">cbio@ufpr.br<\/a>\/<a href=\"mailto:cafreire@ufpr.br\">cafreire@ufpr.br<\/a>).<\/p>\n<\/td>\n<\/tr>\n<\/tbody>\n<\/table>\n<p>&nbsp;<\/p>\n<p>Atualizado em: 21\/07\/2026<\/p>\n","protected":false},"excerpt":{"rendered":"<p>As solicita\u00e7\u00f5es de matr\u00edculas em disciplinas para o Segundo Semestre de 2026, dever\u00e3o ser realizadas no per\u00edodo de: 13 a 15\/07\/2026 atrav\u00e9s do Sistema SIGA. Elaboramos algumas Orienta\u00e7\u00f5es para a matr\u00edcula nesse semestre, consulte-as Aqui. A lista com as disciplinas a serem ofertadas esse semestre podem ser acessadas no menu Calend\u00e1rio &gt; Disciplinas ofertadas ou [&hellip;]<\/p>\n","protected":false},"author":2135,"featured_media":0,"comment_status":"closed","ping_status":"closed","sticky":false,"template":"","format":"standard","meta":{"_acf_changed":false,"_monsterinsights_skip_tracking":false,"footnotes":""},"categories":[],"tags":[],"class_list":["post-5891","post","type-post","status-publish","format-standard","hentry"],"acf":[],"_links":{"self":[{"href":"https:\/\/bio.ufpr.br\/cbio\/wp-json\/wp\/v2\/posts\/5891","targetHints":{"allow":["GET"]}}],"collection":[{"href":"https:\/\/bio.ufpr.br\/cbio\/wp-json\/wp\/v2\/posts"}],"about":[{"href":"https:\/\/bio.ufpr.br\/cbio\/wp-json\/wp\/v2\/types\/post"}],"author":[{"embeddable":true,"href":"https:\/\/bio.ufpr.br\/cbio\/wp-json\/wp\/v2\/users\/2135"}],"replies":[{"embeddable":true,"href":"https:\/\/bio.ufpr.br\/cbio\/wp-json\/wp\/v2\/comments?post=5891"}],"version-history":[{"count":1,"href":"https:\/\/bio.ufpr.br\/cbio\/wp-json\/wp\/v2\/posts\/5891\/revisions"}],"predecessor-version":[{"id":5973,"href":"https:\/\/bio.ufpr.br\/cbio\/wp-json\/wp\/v2\/posts\/5891\/revisions\/5973"}],"wp:attachment":[{"href":"https:\/\/bio.ufpr.br\/cbio\/wp-json\/wp\/v2\/media?parent=5891"}],"wp:term":[{"taxonomy":"category","embeddable":true,"href":"https:\/\/bio.ufpr.br\/cbio\/wp-json\/wp\/v2\/categories?post=5891"},{"taxonomy":"post_tag","embeddable":true,"href":"https:\/\/bio.ufpr.br\/cbio\/wp-json\/wp\/v2\/tags?post=5891"}],"curies":[{"name":"wp","href":"https:\/\/api.w.org\/{rel}","templated":true}]}}