{"id":1176,"date":"2019-01-24T11:43:07","date_gmt":"2019-01-24T11:43:07","guid":{"rendered":"https:\/\/bio.ufpr.br\/fisioterapia\/?post_type=post&#038;p=1176"},"modified":"2019-01-24T11:43:29","modified_gmt":"2019-01-24T11:43:29","slug":"urgente","status":"publish","type":"post","link":"https:\/\/bio.ufpr.br\/fisioterapia\/2019\/01\/24\/urgente\/","title":{"rendered":"URGENTE CALOUROS"},"content":{"rendered":"<p>Informamos que o per\u00edodo para confirma\u00e7\u00e3o de\u00a0matr\u00edcula e efetiva ocupa\u00e7\u00e3o de vagas\u00a0dos calouros 2019 ser\u00e1 entre os dias 18 a 20 de fevereiro.<\/p>\n<p>Caso tenham alguma d\u00favida poder\u00e3o entrar em contato com a coordena\u00e7\u00e3o do curso atrav\u00e9s do telefone 3361-1699 ou por e-mail: cfisio.ufpr@gmail.com<\/p>\n","protected":false},"excerpt":{"rendered":"<p>Informamos que o per\u00edodo para confirma\u00e7\u00e3o de\u00a0matr\u00edcula e efetiva ocupa\u00e7\u00e3o de vagas\u00a0dos calouros 2019 ser\u00e1 entre os dias 18 a 20 de fevereiro. Caso tenham alguma d\u00favida poder\u00e3o entrar em contato com a coordena\u00e7\u00e3o do curso atrav\u00e9s do telefone 3361-1699 ou por e-mail: cfisio.ufpr@gmail.com<\/p>\n","protected":false},"author":25,"featured_media":0,"comment_status":"closed","ping_status":"closed","sticky":false,"template":"","format":"standard","meta":{"_acf_changed":false,"_monsterinsights_skip_tracking":false,"footnotes":""},"categories":[],"tags":[],"class_list":["post-1176","post","type-post","status-publish","format-standard","hentry"],"acf":[],"_links":{"self":[{"href":"https:\/\/bio.ufpr.br\/fisioterapia\/wp-json\/wp\/v2\/posts\/1176","targetHints":{"allow":["GET"]}}],"collection":[{"href":"https:\/\/bio.ufpr.br\/fisioterapia\/wp-json\/wp\/v2\/posts"}],"about":[{"href":"https:\/\/bio.ufpr.br\/fisioterapia\/wp-json\/wp\/v2\/types\/post"}],"author":[{"embeddable":true,"href":"https:\/\/bio.ufpr.br\/fisioterapia\/wp-json\/wp\/v2\/users\/25"}],"replies":[{"embeddable":true,"href":"https:\/\/bio.ufpr.br\/fisioterapia\/wp-json\/wp\/v2\/comments?post=1176"}],"version-history":[{"count":0,"href":"https:\/\/bio.ufpr.br\/fisioterapia\/wp-json\/wp\/v2\/posts\/1176\/revisions"}],"wp:attachment":[{"href":"https:\/\/bio.ufpr.br\/fisioterapia\/wp-json\/wp\/v2\/media?parent=1176"}],"wp:term":[{"taxonomy":"category","embeddable":true,"href":"https:\/\/bio.ufpr.br\/fisioterapia\/wp-json\/wp\/v2\/categories?post=1176"},{"taxonomy":"post_tag","embeddable":true,"href":"https:\/\/bio.ufpr.br\/fisioterapia\/wp-json\/wp\/v2\/tags?post=1176"}],"curies":[{"name":"wp","href":"https:\/\/api.w.org\/{rel}","templated":true}]}}